{"id":1878,"date":"2023-04-19T10:29:27","date_gmt":"2023-04-19T13:29:27","guid":{"rendered":"https:\/\/moovelub.com\/mobildelvac\/blog\/?p=1878"},"modified":"2023-04-19T10:29:27","modified_gmt":"2023-04-19T13:29:27","slug":"empresas-que-sabem-descarbonizar-para-inspirar-o-setor-de-transporte","status":"publish","type":"post","link":"https:\/\/moovelub.com\/mobildelvac\/blog\/empresas-que-sabem-descarbonizar-para-inspirar-o-setor-de-transporte\/","title":{"rendered":"Empresas que sabem descarbonizar para inspirar o setor de transporte"},"content":{"rendered":"<h1>Empresas que sabem descarbonizar para inspirar o setor de transporte<\/h1>\n<p>&nbsp;<\/p>\n<p>Iniciativas dentro do setor de transporte que visam diminuir o impacto ambiental j\u00e1 s\u00e3o prioridades em v\u00e1rias transportadoras ao redor do mundo. O Brasil n\u00e3o fica atr\u00e1s nesse quesito e a Confedera\u00e7\u00e3o Nacional do Transporte (CNT) decidiu selecionar tr\u00eas delas que s\u00e3o pioneiras em pr\u00e1ticas de descarboniza\u00e7\u00e3o.  <\/p>\n<p>A primeira delas \u00e9 a Braspress, expoente no transporte de encomendas e presente em todo territ\u00f3rio nacional. Desde o segundo semestre de 2021, a empresa possui uma frota eletrificada para atender clientes dos ramos do varejo, consumo, tecnologia e sa\u00fade. Conduzidos apenas por motoristas mulheres, seus ve\u00edculos s\u00e3o da JAC Motors, possuem zero emiss\u00e3o de gases poluentes, autonomia de 200 quil\u00f4metros e transportam at\u00e9 quatro toneladas.<\/p>\n<p>O pr\u00f3ximo exemplo \u00e9 da DHL Supply Chain, empresa internacional de log\u00edstica, armazenagem e distribui\u00e7\u00e3o, que atua no Rio de Janeiro (RJ), grande S\u00e3o Paulo e na regi\u00e3o de Campinas (SP). Ela utiliza caminh\u00f5es el\u00e9tricos de pequeno porte em suas opera\u00e7\u00f5es urbanas e atendem mercados de varejo, ecommerce, moda, consumo e insumos m\u00e9dicos, entre outros, promovendo mais sustentabilidade e economia em custos com manuten\u00e7\u00e3o. <\/p>\n<p>O \u00faltimo \u00e9 a Morada Log\u00edstica, empresa de transporte de Americana (SP) que, em 2019, foi pioneira no Brasil ao testar caminh\u00f5es movidos a GNL em sua frota. Este tipo de combust\u00edvel (GNL &#8211; G\u00e1s Natural Liquefeito) \u00e9 menos poluente e mais econ\u00f4mico em compara\u00e7\u00e3o aos combust\u00edveis fosseis, como a gasolina e o diesel. O uso desses ve\u00edculos nas opera\u00e7\u00f5es da empresa ajudou na redu\u00e7\u00e3o em 10% do custo por quil\u00f4metro rodado, al\u00e9m de afetar na queda das emiss\u00f5es de gases poluentes.<\/p>\n<p>Saiba mais no <a href=\"https:\/\/www.cnt.org.br\/agencia-cnt\/a-transicao-energetica-ja-comecou\" rel=\"noopener\" target=\"_blank\">site da CNT<\/a>. <\/p>\n<p>Fique bem-informado acessando not\u00edcias como essas diretamente em seu e-mail. <a href=\"https:\/\/moovelub.com\/mobildelvac\/blog\/?modal=newsletter_Modal&#038;utm_source=Mobil%20by%20Moove&#038;utm_medium=email&#038;utm_campaign=b7c1bcd4fb-EMAIL_CAMPAIGN_2022_06_29_07_03_COPY_01&#038;utm_content=geral&#038;utm_term=0_063ea08afb-b7c1bcd4fb-665215036\" rel=\"noopener\" target=\"_blank\">Inscreva-se na newsletter Frotas em movimento<\/a>!<\/p>\n","protected":false},"excerpt":{"rendered":"<p>Empresas que sabem descarbonizar para inspirar o setor de transporte &nbsp; Iniciativas dentro do setor de transporte que visam diminuir o impacto ambiental j\u00e1 s\u00e3o prioridades em v\u00e1rias transportadoras ao redor do mundo. O Brasil n\u00e3o fica atr\u00e1s nesse quesito e a Confedera\u00e7\u00e3o Nacional do Transporte (CNT) decidiu selecionar tr\u00eas [&hellip;]<\/p>\n","protected":false},"author":21,"featured_media":1870,"comment_status":"open","ping_status":"open","sticky":false,"template":"","format":"standard","meta":{"advgb_blocks_editor_width":"","advgb_blocks_columns_visual_guide":""},"categories":[2],"tags":[218,6,299,365,223,80,35,181,303,258,418,232],"acf":[],"author_meta":{"display_name":"Mobil Frotas","author_link":"https:\/\/moovelub.com\/mobildelvac\/blog\/author\/rakal\/"},"featured_img":"https:\/\/moovelub.com\/mobildelvac\/blog\/wp-content\/uploads\/2023\/04\/Banner-Home-Header-Blog-Frotas-Materia-3-19.04-1142x275-1-300x72.png","yoast_head":"<!-- This site is optimized with the Yoast SEO plugin v19.13 - https:\/\/yoast.com\/wordpress\/plugins\/seo\/ -->\n<title>Empresas que sabem descarbonizar para inspirar o setor de transporte &gt; Mobil Blog<\/title>\n<meta name=\"description\" content=\"Conhe\u00e7a tr\u00eas empresas nacionais que se destacam em iniciativas de sustentabilidade nas suas frotas. Confira!\" \/>\n<meta name=\"robots\" content=\"index, follow, max-snippet:-1, max-image-preview:large, max-video-preview:-1\" \/>\n<link rel=\"canonical\" href=\"https:\/\/moovelub.com\/mobildelvac\/blog\/empresas-que-sabem-descarbonizar-para-inspirar-o-setor-de-transporte\/\" \/>\n<meta property=\"og:locale\" content=\"pt_BR\" \/>\n<meta property=\"og:type\" content=\"article\" \/>\n<meta property=\"og:title\" content=\"Empresas que sabem descarbonizar para inspirar o setor de transporte &gt; Mobil Blog\" \/>\n<meta property=\"og:description\" content=\"Conhe\u00e7a tr\u00eas empresas nacionais que se destacam em iniciativas de sustentabilidade nas suas frotas. Confira!\" \/>\n<meta property=\"og:url\" content=\"https:\/\/moovelub.com\/mobildelvac\/blog\/empresas-que-sabem-descarbonizar-para-inspirar-o-setor-de-transporte\/\" \/>\n<meta property=\"og:site_name\" content=\"Mobil Blog\" \/>\n<meta property=\"article:published_time\" content=\"2023-04-19T13:29:27+00:00\" \/>\n<meta property=\"og:image\" content=\"https:\/\/moovelub.com\/mobildelvac\/blog\/wp-content\/uploads\/2023\/04\/Banner-Home-Header-Blog-Frotas-Materia-3-19.04-1142x275-1.png\" \/>\n\t<meta property=\"og:image:width\" content=\"1142\" \/>\n\t<meta property=\"og:image:height\" content=\"275\" \/>\n\t<meta property=\"og:image:type\" content=\"image\/png\" \/>\n<meta name=\"author\" content=\"Mobil Frotas\" \/>\n<meta name=\"twitter:card\" content=\"summary_large_image\" \/>\n<meta name=\"twitter:label1\" content=\"Escrito por\" \/>\n\t<meta name=\"twitter:data1\" content=\"Mobil Frotas\" \/>\n\t<meta name=\"twitter:label2\" content=\"Est. tempo de leitura\" \/>\n\t<meta name=\"twitter:data2\" content=\"2 minutos\" \/>\n<script type=\"application\/ld+json\" class=\"yoast-schema-graph\">{\"@context\":\"https:\/\/schema.org\",\"@graph\":[{\"@type\":\"WebPage\",\"@id\":\"https:\/\/moovelub.com\/mobildelvac\/blog\/empresas-que-sabem-descarbonizar-para-inspirar-o-setor-de-transporte\/\",\"url\":\"https:\/\/moovelub.com\/mobildelvac\/blog\/empresas-que-sabem-descarbonizar-para-inspirar-o-setor-de-transporte\/\",\"name\":\"Empresas que sabem descarbonizar para inspirar o setor de transporte &gt; Mobil Blog\",\"isPartOf\":{\"@id\":\"https:\/\/moovelub.com\/mobildelvac\/blog\/#website\"},\"datePublished\":\"2023-04-19T13:29:27+00:00\",\"dateModified\":\"2023-04-19T13:29:27+00:00\",\"author\":{\"@id\":\"https:\/\/moovelub.com\/mobildelvac\/blog\/#\/schema\/person\/462f040049fcaf4f029dd2caaa82198c\"},\"description\":\"Conhe\u00e7a tr\u00eas empresas nacionais que se destacam em iniciativas de sustentabilidade nas suas frotas. Confira!\",\"breadcrumb\":{\"@id\":\"https:\/\/moovelub.com\/mobildelvac\/blog\/empresas-que-sabem-descarbonizar-para-inspirar-o-setor-de-transporte\/#breadcrumb\"},\"inLanguage\":\"pt-BR\",\"potentialAction\":[{\"@type\":\"ReadAction\",\"target\":[\"https:\/\/moovelub.com\/mobildelvac\/blog\/empresas-que-sabem-descarbonizar-para-inspirar-o-setor-de-transporte\/\"]}]},{\"@type\":\"BreadcrumbList\",\"@id\":\"https:\/\/moovelub.com\/mobildelvac\/blog\/empresas-que-sabem-descarbonizar-para-inspirar-o-setor-de-transporte\/#breadcrumb\",\"itemListElement\":[{\"@type\":\"ListItem\",\"position\":1,\"name\":\"Home\",\"item\":\"https:\/\/moovelub.com\/mobildelvac\/blog\/\"},{\"@type\":\"ListItem\",\"position\":2,\"name\":\"Artigos Mobil\",\"item\":\"https:\/\/moovelub.com\/mobildelvac\/blog\/.\/artigo\/\"},{\"@type\":\"ListItem\",\"position\":3,\"name\":\"Empresas que sabem descarbonizar para inspirar o setor de transporte\"}]},{\"@type\":\"WebSite\",\"@id\":\"https:\/\/moovelub.com\/mobildelvac\/blog\/#website\",\"url\":\"https:\/\/moovelub.com\/mobildelvac\/blog\/\",\"name\":\"Mobil Blog\",\"description\":\"| Frotas\",\"potentialAction\":[{\"@type\":\"SearchAction\",\"target\":{\"@type\":\"EntryPoint\",\"urlTemplate\":\"https:\/\/moovelub.com\/mobildelvac\/blog\/?s={search_term_string}\"},\"query-input\":\"required name=search_term_string\"}],\"inLanguage\":\"pt-BR\"},{\"@type\":\"Person\",\"@id\":\"https:\/\/moovelub.com\/mobildelvac\/blog\/#\/schema\/person\/462f040049fcaf4f029dd2caaa82198c\",\"name\":\"Mobil Frotas\",\"image\":{\"@type\":\"ImageObject\",\"inLanguage\":\"pt-BR\",\"@id\":\"https:\/\/moovelub.com\/mobildelvac\/blog\/#\/schema\/person\/image\/\",\"url\":\"https:\/\/secure.gravatar.com\/avatar\/6a5112844b9aaaf8b4424e67f0ce42c8?s=96&d=mm&r=g\",\"contentUrl\":\"https:\/\/secure.gravatar.com\/avatar\/6a5112844b9aaaf8b4424e67f0ce42c8?s=96&d=mm&r=g\",\"caption\":\"Mobil Frotas\"},\"url\":\"https:\/\/moovelub.com\/mobildelvac\/blog\/author\/rakal\/\"}]}<\/script>\n<!-- \/ Yoast SEO plugin. -->","yoast_head_json":{"title":"Empresas que sabem descarbonizar para inspirar o setor de transporte &gt; Mobil Blog","description":"Conhe\u00e7a tr\u00eas empresas nacionais que se destacam em iniciativas de sustentabilidade nas suas frotas. Confira!","robots":{"index":"index","follow":"follow","max-snippet":"max-snippet:-1","max-image-preview":"max-image-preview:large","max-video-preview":"max-video-preview:-1"},"canonical":"https:\/\/moovelub.com\/mobildelvac\/blog\/empresas-que-sabem-descarbonizar-para-inspirar-o-setor-de-transporte\/","og_locale":"pt_BR","og_type":"article","og_title":"Empresas que sabem descarbonizar para inspirar o setor de transporte &gt; Mobil Blog","og_description":"Conhe\u00e7a tr\u00eas empresas nacionais que se destacam em iniciativas de sustentabilidade nas suas frotas. Confira!","og_url":"https:\/\/moovelub.com\/mobildelvac\/blog\/empresas-que-sabem-descarbonizar-para-inspirar-o-setor-de-transporte\/","og_site_name":"Mobil Blog","article_published_time":"2023-04-19T13:29:27+00:00","og_image":[{"width":1142,"height":275,"url":"https:\/\/moovelub.com\/mobildelvac\/blog\/wp-content\/uploads\/2023\/04\/Banner-Home-Header-Blog-Frotas-Materia-3-19.04-1142x275-1.png","type":"image\/png"}],"author":"Mobil Frotas","twitter_card":"summary_large_image","twitter_misc":{"Escrito por":"Mobil Frotas","Est. tempo de leitura":"2 minutos"},"schema":{"@context":"https:\/\/schema.org","@graph":[{"@type":"WebPage","@id":"https:\/\/moovelub.com\/mobildelvac\/blog\/empresas-que-sabem-descarbonizar-para-inspirar-o-setor-de-transporte\/","url":"https:\/\/moovelub.com\/mobildelvac\/blog\/empresas-que-sabem-descarbonizar-para-inspirar-o-setor-de-transporte\/","name":"Empresas que sabem descarbonizar para inspirar o setor de transporte &gt; Mobil Blog","isPartOf":{"@id":"https:\/\/moovelub.com\/mobildelvac\/blog\/#website"},"datePublished":"2023-04-19T13:29:27+00:00","dateModified":"2023-04-19T13:29:27+00:00","author":{"@id":"https:\/\/moovelub.com\/mobildelvac\/blog\/#\/schema\/person\/462f040049fcaf4f029dd2caaa82198c"},"description":"Conhe\u00e7a tr\u00eas empresas nacionais que se destacam em iniciativas de sustentabilidade nas suas frotas. Confira!","breadcrumb":{"@id":"https:\/\/moovelub.com\/mobildelvac\/blog\/empresas-que-sabem-descarbonizar-para-inspirar-o-setor-de-transporte\/#breadcrumb"},"inLanguage":"pt-BR","potentialAction":[{"@type":"ReadAction","target":["https:\/\/moovelub.com\/mobildelvac\/blog\/empresas-que-sabem-descarbonizar-para-inspirar-o-setor-de-transporte\/"]}]},{"@type":"BreadcrumbList","@id":"https:\/\/moovelub.com\/mobildelvac\/blog\/empresas-que-sabem-descarbonizar-para-inspirar-o-setor-de-transporte\/#breadcrumb","itemListElement":[{"@type":"ListItem","position":1,"name":"Home","item":"https:\/\/moovelub.com\/mobildelvac\/blog\/"},{"@type":"ListItem","position":2,"name":"Artigos Mobil","item":"https:\/\/moovelub.com\/mobildelvac\/blog\/.\/artigo\/"},{"@type":"ListItem","position":3,"name":"Empresas que sabem descarbonizar para inspirar o setor de transporte"}]},{"@type":"WebSite","@id":"https:\/\/moovelub.com\/mobildelvac\/blog\/#website","url":"https:\/\/moovelub.com\/mobildelvac\/blog\/","name":"Mobil Blog","description":"| Frotas","potentialAction":[{"@type":"SearchAction","target":{"@type":"EntryPoint","urlTemplate":"https:\/\/moovelub.com\/mobildelvac\/blog\/?s={search_term_string}"},"query-input":"required name=search_term_string"}],"inLanguage":"pt-BR"},{"@type":"Person","@id":"https:\/\/moovelub.com\/mobildelvac\/blog\/#\/schema\/person\/462f040049fcaf4f029dd2caaa82198c","name":"Mobil Frotas","image":{"@type":"ImageObject","inLanguage":"pt-BR","@id":"https:\/\/moovelub.com\/mobildelvac\/blog\/#\/schema\/person\/image\/","url":"https:\/\/secure.gravatar.com\/avatar\/6a5112844b9aaaf8b4424e67f0ce42c8?s=96&d=mm&r=g","contentUrl":"https:\/\/secure.gravatar.com\/avatar\/6a5112844b9aaaf8b4424e67f0ce42c8?s=96&d=mm&r=g","caption":"Mobil Frotas"},"url":"https:\/\/moovelub.com\/mobildelvac\/blog\/author\/rakal\/"}]}},"coauthors":[],"tax_additional":{"categories":{"linked":["<a href=\"https:\/\/moovelub.com\/mobildelvac\/blog\/.\/artigo\/\" class=\"advgb-post-tax-term\">Artigo<\/a>"],"unlinked":["<span class=\"advgb-post-tax-term\">Artigo<\/span>"]},"tags":{"linked":["<a href=\"https:\/\/moovelub.com\/mobildelvac\/blog\/.\/artigo\/\" class=\"advgb-post-tax-term\">blog mobil delvac<\/a>","<a href=\"https:\/\/moovelub.com\/mobildelvac\/blog\/.\/artigo\/\" class=\"advgb-post-tax-term\">Caminh\u00f5es<\/a>","<a href=\"https:\/\/moovelub.com\/mobildelvac\/blog\/.\/artigo\/\" class=\"advgb-post-tax-term\">cargas<\/a>","<a href=\"https:\/\/moovelub.com\/mobildelvac\/blog\/.\/artigo\/\" class=\"advgb-post-tax-term\">descarboniza\u00e7\u00e3o<\/a>","<a href=\"https:\/\/moovelub.com\/mobildelvac\/blog\/.\/artigo\/\" class=\"advgb-post-tax-term\">frotas<\/a>","<a href=\"https:\/\/moovelub.com\/mobildelvac\/blog\/.\/artigo\/\" class=\"advgb-post-tax-term\">Mobil<\/a>","<a href=\"https:\/\/moovelub.com\/mobildelvac\/blog\/.\/artigo\/\" class=\"advgb-post-tax-term\">mobil delvac<\/a>","<a href=\"https:\/\/moovelub.com\/mobildelvac\/blog\/.\/artigo\/\" class=\"advgb-post-tax-term\">\u00f4nibus<\/a>","<a href=\"https:\/\/moovelub.com\/mobildelvac\/blog\/.\/artigo\/\" class=\"advgb-post-tax-term\">setor<\/a>","<a href=\"https:\/\/moovelub.com\/mobildelvac\/blog\/.\/artigo\/\" class=\"advgb-post-tax-term\">sustentabilidade<\/a>","<a href=\"https:\/\/moovelub.com\/mobildelvac\/blog\/.\/artigo\/\" class=\"advgb-post-tax-term\">transportadores<\/a>","<a href=\"https:\/\/moovelub.com\/mobildelvac\/blog\/.\/artigo\/\" class=\"advgb-post-tax-term\">transporte<\/a>"],"unlinked":["<span class=\"advgb-post-tax-term\">blog mobil delvac<\/span>","<span class=\"advgb-post-tax-term\">Caminh\u00f5es<\/span>","<span class=\"advgb-post-tax-term\">cargas<\/span>","<span class=\"advgb-post-tax-term\">descarboniza\u00e7\u00e3o<\/span>","<span class=\"advgb-post-tax-term\">frotas<\/span>","<span class=\"advgb-post-tax-term\">Mobil<\/span>","<span class=\"advgb-post-tax-term\">mobil delvac<\/span>","<span class=\"advgb-post-tax-term\">\u00f4nibus<\/span>","<span class=\"advgb-post-tax-term\">setor<\/span>","<span class=\"advgb-post-tax-term\">sustentabilidade<\/span>","<span class=\"advgb-post-tax-term\">transportadores<\/span>","<span class=\"advgb-post-tax-term\">transporte<\/span>"]}},"comment_count":"0","relative_dates":{"created":"Posted 3 anos ago","modified":"Updated 3 anos ago"},"absolute_dates":{"created":"Posted on 19\/04\/2023","modified":"Updated on 19\/04\/2023"},"absolute_dates_time":{"created":"Posted on 19\/04\/2023 10:29","modified":"Updated on 19\/04\/2023 10:29"},"featured_img_caption":"","series_order":"","_links":{"self":[{"href":"https:\/\/moovelub.com\/mobildelvac\/blog\/wp-json\/wp\/v2\/posts\/1878"}],"collection":[{"href":"https:\/\/moovelub.com\/mobildelvac\/blog\/wp-json\/wp\/v2\/posts"}],"about":[{"href":"https:\/\/moovelub.com\/mobildelvac\/blog\/wp-json\/wp\/v2\/types\/post"}],"author":[{"embeddable":true,"href":"https:\/\/moovelub.com\/mobildelvac\/blog\/wp-json\/wp\/v2\/users\/21"}],"replies":[{"embeddable":true,"href":"https:\/\/moovelub.com\/mobildelvac\/blog\/wp-json\/wp\/v2\/comments?post=1878"}],"version-history":[{"count":1,"href":"https:\/\/moovelub.com\/mobildelvac\/blog\/wp-json\/wp\/v2\/posts\/1878\/revisions"}],"predecessor-version":[{"id":1879,"href":"https:\/\/moovelub.com\/mobildelvac\/blog\/wp-json\/wp\/v2\/posts\/1878\/revisions\/1879"}],"wp:featuredmedia":[{"embeddable":true,"href":"https:\/\/moovelub.com\/mobildelvac\/blog\/wp-json\/wp\/v2\/media\/1870"}],"wp:attachment":[{"href":"https:\/\/moovelub.com\/mobildelvac\/blog\/wp-json\/wp\/v2\/media?parent=1878"}],"wp:term":[{"taxonomy":"category","embeddable":true,"href":"https:\/\/moovelub.com\/mobildelvac\/blog\/wp-json\/wp\/v2\/categories?post=1878"},{"taxonomy":"post_tag","embeddable":true,"href":"https:\/\/moovelub.com\/mobildelvac\/blog\/wp-json\/wp\/v2\/tags?post=1878"}],"curies":[{"name":"wp","href":"https:\/\/api.w.org\/{rel}","templated":true}]}}